{"id":12824,"date":"2025-06-25T08:11:00","date_gmt":"2025-06-25T06:11:00","guid":{"rendered":"https:\/\/www.blog.bim.finance\/?p=12824"},"modified":"2025-06-24T12:26:50","modified_gmt":"2025-06-24T10:26:50","slug":"defi-ecologie-blockchain-durable","status":"publish","type":"post","link":"https:\/\/www.blog.bim.finance\/en\/defi-ecologie-blockchain-durable\/","title":{"rendered":"DeFi et \u00e9cologie : vers une finance d\u00e9centralis\u00e9e plus durable ?"},"content":{"rendered":"<div data-elementor-type=\"wp-post\" data-elementor-id=\"12824\" class=\"elementor elementor-12824\" data-elementor-post-type=\"post\">\n\t\t\t\t\t\t<section class=\"elementor-section elementor-top-section elementor-element elementor-element-e3b67ef elementor-section-boxed elementor-section-height-default elementor-section-height-default\" data-id=\"e3b67ef\" data-element_type=\"section\" data-e-type=\"section\">\n\t\t\t\t\t\t<div class=\"elementor-container elementor-column-gap-default\">\n\t\t\t\t\t<div class=\"elementor-column elementor-col-100 elementor-top-column elementor-element elementor-element-512e37f\" data-id=\"512e37f\" data-element_type=\"column\" data-e-type=\"column\">\n\t\t\t<div class=\"elementor-widget-wrap elementor-element-populated\">\n\t\t\t\t\t\t<div class=\"elementor-element elementor-element-e45064c elementor-widget elementor-widget-text-editor\" data-id=\"e45064c\" data-element_type=\"widget\" data-e-type=\"widget\" data-widget_type=\"text-editor.default\">\n\t\t\t\t<div class=\"elementor-widget-container\">\n\t\t\t\t\t\t\t\t\t<p data-pm-slice=\"0 0 []\">Si la finance d\u00e9centralis\u00e9e (DeFi) promet de redistribuer les cartes de l\u2019\u00e9conomie mondiale, elle ne peut plus ignorer un autre enjeu fondamental : <strong>son empreinte \u00e9cologique<\/strong>.<\/p><p>Entre blockchains \u00e9nergivores, multiplicit\u00e9 des transactions, et explosion des protocoles interconnect\u00e9s, la DeFi est parfois point\u00e9e du doigt pour sa consommation de ressources. Pourtant, une nouvelle dynamique semble \u00e9merger : celle d\u2019une finance d\u00e9centralis\u00e9e plus sobre, plus responsable, plus durable.<\/p><p>Mais peut-on r\u00e9ellement concilier <strong>innovation technologique<\/strong> et <strong>sobri\u00e9t\u00e9 \u00e9nerg\u00e9tique<\/strong> dans la DeFi ?<\/p>\t\t\t\t\t\t\t\t<\/div>\n\t\t\t\t<\/div>\n\t\t\t\t\t<\/div>\n\t\t<\/div>\n\t\t\t\t\t<\/div>\n\t\t<\/section>\n\t\t\t\t<section class=\"elementor-section elementor-top-section elementor-element elementor-element-e7d8be2 elementor-section-boxed elementor-section-height-default elementor-section-height-default\" data-id=\"e7d8be2\" data-element_type=\"section\" data-e-type=\"section\">\n\t\t\t\t\t\t<div class=\"elementor-container elementor-column-gap-default\">\n\t\t\t\t\t<div class=\"elementor-column elementor-col-100 elementor-top-column elementor-element elementor-element-08b9e00\" data-id=\"08b9e00\" data-element_type=\"column\" data-e-type=\"column\">\n\t\t\t<div class=\"elementor-widget-wrap elementor-element-populated\">\n\t\t\t\t\t\t<div class=\"elementor-element elementor-element-5319cfa elementor-widget elementor-widget-heading\" data-id=\"5319cfa\" data-element_type=\"widget\" data-e-type=\"widget\" data-widget_type=\"heading.default\">\n\t\t\t\t<div class=\"elementor-widget-container\">\n\t\t\t\t\t<h2 class=\"elementor-heading-title elementor-size-default\">Le pass\u00e9 encore trop br\u00fblant de la DeFi<\/h2>\t\t\t\t<\/div>\n\t\t\t\t<\/div>\n\t\t\t\t\t<\/div>\n\t\t<\/div>\n\t\t\t\t\t<\/div>\n\t\t<\/section>\n\t\t\t\t<section class=\"elementor-section elementor-top-section elementor-element elementor-element-733fef5 elementor-section-boxed elementor-section-height-default elementor-section-height-default\" data-id=\"733fef5\" data-element_type=\"section\" data-e-type=\"section\">\n\t\t\t\t\t\t<div class=\"elementor-container elementor-column-gap-default\">\n\t\t\t\t\t<div class=\"elementor-column elementor-col-100 elementor-top-column elementor-element elementor-element-eb59519\" data-id=\"eb59519\" data-element_type=\"column\" data-e-type=\"column\">\n\t\t\t<div class=\"elementor-widget-wrap elementor-element-populated\">\n\t\t\t\t\t\t<div class=\"elementor-element elementor-element-120aef3 elementor-widget elementor-widget-text-editor\" data-id=\"120aef3\" data-element_type=\"widget\" data-e-type=\"widget\" data-widget_type=\"text-editor.default\">\n\t\t\t\t<div class=\"elementor-widget-container\">\n\t\t\t\t\t\t\t\t\t<p data-pm-slice=\"0 0 []\">Historiquement, la DeFi s\u2019est d\u00e9velopp\u00e9e sur Ethereum, \u00e0 l\u2019\u00e9poque o\u00f9 celui-ci utilisait encore <strong>la preuve de travail (Proof of Work, ou PoW)<\/strong>, un m\u00e9canisme consommateur d\u2019\u00e9nergie.<\/p><p>\u00c0 ce moment-l\u00e0, chaque transaction, chaque swap, chaque op\u00e9ration de yield farming n\u00e9cessitait une puissance de calcul massive, aliment\u00e9e par des milliers de machines \u00e0 travers le monde.<\/p><p>R\u00e9sultat : au pic de son activit\u00e9, Ethereum consommait autant d\u2019\u00e9lectricit\u00e9 qu\u2019un petit pays europ\u00e9en. Et puisque presque toute l\u2019activit\u00e9 DeFi s\u2019appuyait sur cette infrastructure, son empreinte carbone \u00e9tait directement li\u00e9e \u00e0 celle du r\u00e9seau sous-jacent.<\/p>\t\t\t\t\t\t\t\t<\/div>\n\t\t\t\t<\/div>\n\t\t\t\t\t<\/div>\n\t\t<\/div>\n\t\t\t\t\t<\/div>\n\t\t<\/section>\n\t\t\t\t<section class=\"elementor-section elementor-top-section elementor-element elementor-element-53b0010 elementor-section-boxed elementor-section-height-default elementor-section-height-default\" data-id=\"53b0010\" data-element_type=\"section\" data-e-type=\"section\">\n\t\t\t\t\t\t<div class=\"elementor-container elementor-column-gap-default\">\n\t\t\t\t\t<div class=\"elementor-column elementor-col-100 elementor-top-column elementor-element elementor-element-37211ec\" data-id=\"37211ec\" data-element_type=\"column\" data-e-type=\"column\">\n\t\t\t<div class=\"elementor-widget-wrap elementor-element-populated\">\n\t\t\t\t\t\t<div class=\"elementor-element elementor-element-95c4091 elementor-widget elementor-widget-heading\" data-id=\"95c4091\" data-element_type=\"widget\" data-e-type=\"widget\" data-widget_type=\"heading.default\">\n\t\t\t\t<div class=\"elementor-widget-container\">\n\t\t\t\t\t<h2 class=\"elementor-heading-title elementor-size-default\"> Le basculement vers Ethereum 2.0 : un signal fort<\/h2>\t\t\t\t<\/div>\n\t\t\t\t<\/div>\n\t\t\t\t\t<\/div>\n\t\t<\/div>\n\t\t\t\t\t<\/div>\n\t\t<\/section>\n\t\t\t\t<section class=\"elementor-section elementor-top-section elementor-element elementor-element-5d4b8dc elementor-section-boxed elementor-section-height-default elementor-section-height-default\" data-id=\"5d4b8dc\" data-element_type=\"section\" data-e-type=\"section\">\n\t\t\t\t\t\t<div class=\"elementor-container elementor-column-gap-default\">\n\t\t\t\t\t<div class=\"elementor-column elementor-col-100 elementor-top-column elementor-element elementor-element-f01af27\" data-id=\"f01af27\" data-element_type=\"column\" data-e-type=\"column\">\n\t\t\t<div class=\"elementor-widget-wrap elementor-element-populated\">\n\t\t\t\t\t\t<div class=\"elementor-element elementor-element-b1af73e elementor-widget elementor-widget-text-editor\" data-id=\"b1af73e\" data-element_type=\"widget\" data-e-type=\"widget\" data-widget_type=\"text-editor.default\">\n\t\t\t\t<div class=\"elementor-widget-container\">\n\t\t\t\t\t\t\t\t\t<p data-pm-slice=\"0 0 []\">Le vrai tournant \u00e9cologique est venu en 2022, avec The Merge : Ethereum est pass\u00e9 de la preuve de travail \u00e0 <strong>la preuve d\u2019enjeu (Proof of Stake, ou PoS)<\/strong>.<\/p><p>Cette \u00e9volution a <strong>r\u00e9duit la consommation \u00e9nerg\u00e9tique du r\u00e9seau de plus de 99,84 %<\/strong>. On est pass\u00e9 de plus de 70 TWh par an \u00e0 seulement 0,01 TWh, comparable \u00e0 l\u2019empreinte carbone annuelle d\u2019une PME.<\/p><p>Mais ce progr\u00e8s ne concerne pas seulement le volume : <strong>pr\u00e8s de 48 % de l\u2019\u00e9lectricit\u00e9 utilis\u00e9e par les validateurs Ethereum <\/strong>est d\u00e9sormais d\u2019origine \u00ab\u00a0durable\u00a0\u00bb, dont <strong>32 % issue de sources renouvelables <\/strong>(\u00e9olien, solaire) et<strong> 16 % nucl\u00e9aire<\/strong>.<\/p><p>Un basculement historique, tant en consommation qu\u2019en qualit\u00e9 d\u2019\u00e9nergie.<\/p>\t\t\t\t\t\t\t\t<\/div>\n\t\t\t\t<\/div>\n\t\t\t\t\t<\/div>\n\t\t<\/div>\n\t\t\t\t\t<\/div>\n\t\t<\/section>\n\t\t\t\t<section class=\"elementor-section elementor-top-section elementor-element elementor-element-5334a6a elementor-section-boxed elementor-section-height-default elementor-section-height-default\" data-id=\"5334a6a\" data-element_type=\"section\" data-e-type=\"section\">\n\t\t\t\t\t\t<div class=\"elementor-container elementor-column-gap-default\">\n\t\t\t\t\t<div class=\"elementor-column elementor-col-100 elementor-top-column elementor-element elementor-element-6b5c831\" data-id=\"6b5c831\" data-element_type=\"column\" data-e-type=\"column\">\n\t\t\t<div class=\"elementor-widget-wrap elementor-element-populated\">\n\t\t\t\t\t\t<div class=\"elementor-element elementor-element-e57d0c0 elementor-widget elementor-widget-heading\" data-id=\"e57d0c0\" data-element_type=\"widget\" data-e-type=\"widget\" data-widget_type=\"heading.default\">\n\t\t\t\t<div class=\"elementor-widget-container\">\n\t\t\t\t\t<h2 class=\"elementor-heading-title elementor-size-default\">Et les autres blockchains ?<\/h2>\t\t\t\t<\/div>\n\t\t\t\t<\/div>\n\t\t\t\t\t<\/div>\n\t\t<\/div>\n\t\t\t\t\t<\/div>\n\t\t<\/section>\n\t\t\t\t<section class=\"elementor-section elementor-top-section elementor-element elementor-element-e53dd9a elementor-section-boxed elementor-section-height-default elementor-section-height-default\" data-id=\"e53dd9a\" data-element_type=\"section\" data-e-type=\"section\">\n\t\t\t\t\t\t<div class=\"elementor-container elementor-column-gap-default\">\n\t\t\t\t\t<div class=\"elementor-column elementor-col-100 elementor-top-column elementor-element elementor-element-c279a4d\" data-id=\"c279a4d\" data-element_type=\"column\" data-e-type=\"column\">\n\t\t\t<div class=\"elementor-widget-wrap elementor-element-populated\">\n\t\t\t\t\t\t<div class=\"elementor-element elementor-element-d7fcb39 elementor-widget elementor-widget-text-editor\" data-id=\"d7fcb39\" data-element_type=\"widget\" data-e-type=\"widget\" data-widget_type=\"text-editor.default\">\n\t\t\t\t<div class=\"elementor-widget-container\">\n\t\t\t\t\t\t\t\t\t<p>D\u2019autres r\u00e9seaux majeurs ont \u00e9galement adopt\u00e9 des mod\u00e8les \u00e9nerg\u00e9tiques sobres, voire \u00e9cologiques par conception.<\/p><p>Polygon a une empreinte \u00e9nerg\u00e9tique de seulement <strong>0,00079 TWh par an<\/strong>. <strong>53 % de ses validateurs fonctionnent \u00e0 100 % via des sources renouvelables<\/strong>, notamment AWS (90 % renouvelables) et Hetzner (100 % hydro\u00e9lectrique). Encore mieux , son empreinte carbone d&rsquo;environ <strong>71 gCO\u2082\/kWh <\/strong>est bien en dessous de la moyenne mondiale.<\/p><p>La blockchain Avalance consomme <strong>0,00047 TWh\/an <\/strong>et \u00e9met environ 178 tonnes de CO\u2082 par an, soit <strong>12 fois moins qu\u2019Ethereum<\/strong> <strong>post-Merge<\/strong>.<\/p><p>Solana consomme aux environs de <strong>0,0088 TWh\/an <\/strong>et une tr\u00e8s haute efficacit\u00e9 \u00e9nerg\u00e9tique avec uniquement <strong>0,00412 Wh par transaction<\/strong>. La Fondation a d\u00e9j\u00e0 r\u00e9duit de <strong>69\u202f% son empreinte via offsets<\/strong> (2023) et a achet\u00e9 des cr\u00e9dits carbone on-chain pour la neutralit\u00e9.<\/p><p data-pm-slice=\"0 0 []\">Autrement dit : un swap DeFi sur ces blockchains consomme aujourd\u2019hui <strong>moins d\u2019\u00e9nergie qu\u2019un clic sur YouTube<\/strong>.<\/p>\t\t\t\t\t\t\t\t<\/div>\n\t\t\t\t<\/div>\n\t\t\t\t\t<\/div>\n\t\t<\/div>\n\t\t\t\t\t<\/div>\n\t\t<\/section>\n\t\t\t\t<section class=\"elementor-section elementor-top-section elementor-element elementor-element-a079395 elementor-section-boxed elementor-section-height-default elementor-section-height-default\" data-id=\"a079395\" data-element_type=\"section\" data-e-type=\"section\">\n\t\t\t\t\t\t<div class=\"elementor-container elementor-column-gap-default\">\n\t\t\t\t\t<div class=\"elementor-column elementor-col-100 elementor-top-column elementor-element elementor-element-2111223\" data-id=\"2111223\" data-element_type=\"column\" data-e-type=\"column\">\n\t\t\t<div class=\"elementor-widget-wrap elementor-element-populated\">\n\t\t\t\t\t\t<div class=\"elementor-element elementor-element-695dbbe elementor-widget elementor-widget-heading\" data-id=\"695dbbe\" data-element_type=\"widget\" data-e-type=\"widget\" data-widget_type=\"heading.default\">\n\t\t\t\t<div class=\"elementor-widget-container\">\n\t\t\t\t\t<h2 class=\"elementor-heading-title elementor-size-default\">Mais une question demeure : sobri\u00e9t\u00e9 \u2260 neutralit\u00e9<\/h2>\t\t\t\t<\/div>\n\t\t\t\t<\/div>\n\t\t\t\t\t<\/div>\n\t\t<\/div>\n\t\t\t\t\t<\/div>\n\t\t<\/section>\n\t\t\t\t<section class=\"elementor-section elementor-top-section elementor-element elementor-element-41519d4 elementor-section-boxed elementor-section-height-default elementor-section-height-default\" data-id=\"41519d4\" data-element_type=\"section\" data-e-type=\"section\">\n\t\t\t\t\t\t<div class=\"elementor-container elementor-column-gap-default\">\n\t\t\t\t\t<div class=\"elementor-column elementor-col-100 elementor-top-column elementor-element elementor-element-27a5761\" data-id=\"27a5761\" data-element_type=\"column\" data-e-type=\"column\">\n\t\t\t<div class=\"elementor-widget-wrap elementor-element-populated\">\n\t\t\t\t\t\t<div class=\"elementor-element elementor-element-33a8bbc elementor-widget elementor-widget-image\" data-id=\"33a8bbc\" data-element_type=\"widget\" data-e-type=\"widget\" data-widget_type=\"image.default\">\n\t\t\t\t<div class=\"elementor-widget-container\">\n\t\t\t\t\t\t\t\t\t\t\t\t<figure class=\"wp-caption\">\n\t\t\t\t\t\t\t\t\t\t<img data-recalc-dims=\"1\" height=\"400\" width=\"800\" decoding=\"async\" src=\"https:\/\/i0.wp.com\/naavik.co\/wp-content\/uploads\/2022\/12\/1-4-1024x512.png?resize=800%2C400&#038;ssl=1\" title=\"\" alt=\"Bitcoin and sustainability\" loading=\"lazy\" \/>\t\t\t\t\t\t\t\t\t\t\t<figcaption class=\"widget-image-caption wp-caption-text\">Bitcoin and sustainability - Naavik<\/figcaption>\n\t\t\t\t\t\t\t\t\t\t<\/figure>\n\t\t\t\t\t\t\t\t\t<\/div>\n\t\t\t\t<\/div>\n\t\t\t\t<div class=\"elementor-element elementor-element-9d1e7ae elementor-widget elementor-widget-text-editor\" data-id=\"9d1e7ae\" data-element_type=\"widget\" data-e-type=\"widget\" data-widget_type=\"text-editor.default\">\n\t\t\t\t<div class=\"elementor-widget-container\">\n\t\t\t\t\t\t\t\t\t<p data-pm-slice=\"0 0 []\">M\u00eame si les r\u00e9seaux PoS consomment moins, cela ne veut pas dire qu\u2019ils sont <strong>neutres sur le plan environnemental<\/strong>.<\/p><p>L&rsquo;infrastructure globale de la DeFi reste d\u00e9pendante de centres de donn\u00e9es, de mat\u00e9riel informatique, et surtout d&rsquo;une logique de croissance permanente. Chaque nouveau protocole lanc\u00e9 demande de l\u2019audit, des tests, des transactions. Chaque interaction produit une trace. Chaque utilisateur utilise des ressources, m\u00eame infimes, qui s\u2019accumulent.<\/p><p>Autrement dit : plus la DeFi devient massive, <strong>plus son impact s\u2019additionne<\/strong>, m\u00eame si chaque action est plus l\u00e9g\u00e8re qu\u2019avant.<\/p>\t\t\t\t\t\t\t\t<\/div>\n\t\t\t\t<\/div>\n\t\t\t\t\t<\/div>\n\t\t<\/div>\n\t\t\t\t\t<\/div>\n\t\t<\/section>\n\t\t\t\t<section class=\"elementor-section elementor-top-section elementor-element elementor-element-4079702 elementor-section-boxed elementor-section-height-default elementor-section-height-default\" data-id=\"4079702\" data-element_type=\"section\" data-e-type=\"section\">\n\t\t\t\t\t\t<div class=\"elementor-container elementor-column-gap-default\">\n\t\t\t\t\t<div class=\"elementor-column elementor-col-100 elementor-top-column elementor-element elementor-element-d4b88a1\" data-id=\"d4b88a1\" data-element_type=\"column\" data-e-type=\"column\">\n\t\t\t<div class=\"elementor-widget-wrap elementor-element-populated\">\n\t\t\t\t\t\t<div class=\"elementor-element elementor-element-d9f79e7 elementor-widget elementor-widget-heading\" data-id=\"d9f79e7\" data-element_type=\"widget\" data-e-type=\"widget\" data-widget_type=\"heading.default\">\n\t\t\t\t<div class=\"elementor-widget-container\">\n\t\t\t\t\t<h2 class=\"elementor-heading-title elementor-size-default\">Une DeFi verte, \u00e7a ressemble \u00e0 quoi ?<\/h2>\t\t\t\t<\/div>\n\t\t\t\t<\/div>\n\t\t\t\t\t<\/div>\n\t\t<\/div>\n\t\t\t\t\t<\/div>\n\t\t<\/section>\n\t\t\t\t<section class=\"elementor-section elementor-top-section elementor-element elementor-element-2d78578 elementor-section-boxed elementor-section-height-default elementor-section-height-default\" data-id=\"2d78578\" data-element_type=\"section\" data-e-type=\"section\">\n\t\t\t\t\t\t<div class=\"elementor-container elementor-column-gap-default\">\n\t\t\t\t\t<div class=\"elementor-column elementor-col-100 elementor-top-column elementor-element elementor-element-317a8d8\" data-id=\"317a8d8\" data-element_type=\"column\" data-e-type=\"column\">\n\t\t\t<div class=\"elementor-widget-wrap elementor-element-populated\">\n\t\t\t\t\t\t<div class=\"elementor-element elementor-element-30e79c3 elementor-widget elementor-widget-text-editor\" data-id=\"30e79c3\" data-element_type=\"widget\" data-e-type=\"widget\" data-widget_type=\"text-editor.default\">\n\t\t\t\t<div class=\"elementor-widget-container\">\n\t\t\t\t\t\t\t\t\t<p data-pm-slice=\"0 0 []\">Aujourd\u2019hui, certains projets vont plus loin que la simple efficacit\u00e9 \u00e9nerg\u00e9tique. Ils int\u00e8grent <strong>une logique de contribution directe<\/strong> \u00e0 des causes environnementales.<\/p><p data-pm-slice=\"0 0 []\">Cela passe par des protocoles qui <strong>br\u00fblent une partie de leurs revenus<\/strong> pour financer des projets \u00e9cologiques; des initiatives on-chain pour tokeniser <strong>des cr\u00e9dits carbone<\/strong> ou financer des actions de reforestation; ou encore des blockchains con\u00e7ues pour compenser plus qu\u2019elles ne consomment, en visant<strong> un impact carbone n\u00e9gatif<\/strong>.<\/p><p data-pm-slice=\"0 0 []\">Mais attention : il ne suffit pas d\u2019ajouter un badge \u201cvert\u201d \u00e0 un projet pour qu\u2019il soit \u00e9thique. Le <strong>greenwashing<\/strong> existe aussi en DeFi. Ce qui compte, c\u2019est la transparence des donn\u00e9es, la rigueur des m\u00e9thodes, et la coh\u00e9rence du mod\u00e8le \u00e9conomique.<\/p>\t\t\t\t\t\t\t\t<\/div>\n\t\t\t\t<\/div>\n\t\t\t\t\t<\/div>\n\t\t<\/div>\n\t\t\t\t\t<\/div>\n\t\t<\/section>\n\t\t\t\t<section class=\"elementor-section elementor-top-section elementor-element elementor-element-6b63b28 elementor-section-boxed elementor-section-height-default elementor-section-height-default\" data-id=\"6b63b28\" data-element_type=\"section\" data-e-type=\"section\">\n\t\t\t\t\t\t<div class=\"elementor-container elementor-column-gap-default\">\n\t\t\t\t\t<div class=\"elementor-column elementor-col-100 elementor-top-column elementor-element elementor-element-be17d1c\" data-id=\"be17d1c\" data-element_type=\"column\" data-e-type=\"column\">\n\t\t\t<div class=\"elementor-widget-wrap elementor-element-populated\">\n\t\t\t\t\t\t<div class=\"elementor-element elementor-element-5e47f38 elementor-widget elementor-widget-heading\" data-id=\"5e47f38\" data-element_type=\"widget\" data-e-type=\"widget\" data-widget_type=\"heading.default\">\n\t\t\t\t<div class=\"elementor-widget-container\">\n\t\t\t\t\t<h2 class=\"elementor-heading-title elementor-size-default\">Ce qu\u2019il faut retenir<\/h2>\t\t\t\t<\/div>\n\t\t\t\t<\/div>\n\t\t\t\t\t<\/div>\n\t\t<\/div>\n\t\t\t\t\t<\/div>\n\t\t<\/section>\n\t\t\t\t<section class=\"elementor-section elementor-top-section elementor-element elementor-element-d77fa75 elementor-section-boxed elementor-section-height-default elementor-section-height-default\" data-id=\"d77fa75\" data-element_type=\"section\" data-e-type=\"section\">\n\t\t\t\t\t\t<div class=\"elementor-container elementor-column-gap-default\">\n\t\t\t\t\t<div class=\"elementor-column elementor-col-100 elementor-top-column elementor-element elementor-element-f4db3cf\" data-id=\"f4db3cf\" data-element_type=\"column\" data-e-type=\"column\">\n\t\t\t<div class=\"elementor-widget-wrap elementor-element-populated\">\n\t\t\t\t\t\t<div class=\"elementor-element elementor-element-74060ba elementor-widget elementor-widget-text-editor\" data-id=\"74060ba\" data-element_type=\"widget\" data-e-type=\"widget\" data-widget_type=\"text-editor.default\">\n\t\t\t\t<div class=\"elementor-widget-container\">\n\t\t\t\t\t\t\t\t\t<p data-pm-slice=\"0 0 []\">Cette transition vers une DeFi plus verte ne repose pas seulement sur une r\u00e9duction de consommation. Elle repose sur trois piliers.<\/p><p data-pm-slice=\"0 0 []\">Le premier est <strong>l&rsquo;efficacit\u00e9 \u00e9nerg\u00e9tique<\/strong> des blockchains PoS, largement prouv\u00e9e aujourd\u2019hui.<\/p><p data-pm-slice=\"0 0 []\">Le deuxi\u00e8me est <strong>la qualit\u00e9 de l\u2019\u00e9nergie<\/strong> avec pr\u00e8s de 50 % de l\u2019\u00e9lectricit\u00e9 utilis\u00e9e dans la DeFi provient d\u00e9j\u00e0 de sources renouvelables ou bas carbone.<\/p><p data-pm-slice=\"0 0 []\">Le dernier est <strong>la transparence environnementale<\/strong>, rendue possible par des audits r\u00e9guliers, des tableaux de bord et des m\u00e9canismes on-chain.<\/p>\t\t\t\t\t\t\t\t<\/div>\n\t\t\t\t<\/div>\n\t\t\t\t\t<\/div>\n\t\t<\/div>\n\t\t\t\t\t<\/div>\n\t\t<\/section>\n\t\t\t\t<section class=\"elementor-section elementor-top-section elementor-element elementor-element-016257f elementor-section-boxed elementor-section-height-default elementor-section-height-default\" data-id=\"016257f\" data-element_type=\"section\" data-e-type=\"section\">\n\t\t\t\t\t\t<div class=\"elementor-container elementor-column-gap-default\">\n\t\t\t\t\t<div class=\"elementor-column elementor-col-100 elementor-top-column elementor-element elementor-element-2b9cae4\" data-id=\"2b9cae4\" data-element_type=\"column\" data-e-type=\"column\">\n\t\t\t<div class=\"elementor-widget-wrap elementor-element-populated\">\n\t\t\t\t\t\t<div class=\"elementor-element elementor-element-922b5c6 elementor-widget elementor-widget-heading\" data-id=\"922b5c6\" data-element_type=\"widget\" data-e-type=\"widget\" data-widget_type=\"heading.default\">\n\t\t\t\t<div class=\"elementor-widget-container\">\n\t\t\t\t\t<h2 class=\"elementor-heading-title elementor-size-default\">Conclusion \u2013 Vers une DeFi sobre par design ?<\/h2>\t\t\t\t<\/div>\n\t\t\t\t<\/div>\n\t\t\t\t\t<\/div>\n\t\t<\/div>\n\t\t\t\t\t<\/div>\n\t\t<\/section>\n\t\t\t\t<section class=\"elementor-section elementor-top-section elementor-element elementor-element-a990a56 elementor-section-boxed elementor-section-height-default elementor-section-height-default\" data-id=\"a990a56\" data-element_type=\"section\" data-e-type=\"section\">\n\t\t\t\t\t\t<div class=\"elementor-container elementor-column-gap-default\">\n\t\t\t\t\t<div class=\"elementor-column elementor-col-100 elementor-top-column elementor-element elementor-element-9d021b4\" data-id=\"9d021b4\" data-element_type=\"column\" data-e-type=\"column\">\n\t\t\t<div class=\"elementor-widget-wrap elementor-element-populated\">\n\t\t\t\t\t\t<div class=\"elementor-element elementor-element-cf31e22 elementor-widget elementor-widget-text-editor\" data-id=\"cf31e22\" data-element_type=\"widget\" data-e-type=\"widget\" data-widget_type=\"text-editor.default\">\n\t\t\t\t<div class=\"elementor-widget-container\">\n\t\t\t\t\t\t\t\t\t<p data-pm-slice=\"0 0 []\">L\u2019avenir de la finance d\u00e9centralis\u00e9e ne peut pas ignorer sa d\u00e9pendance aux ressources physiques et aux infrastructures \u00e9nerg\u00e9tiques.<\/p><p>Si elle veut r\u00e9ellement proposer <strong>une alternative durable<\/strong> \u00e0 la finance traditionnelle, elle doit aussi r\u00e9inventer sa mani\u00e8re de cro\u00eetre, en privil\u00e9giant l\u2019efficience plut\u00f4t que l\u2019expansion constante.<\/p><p data-pm-slice=\"0 0 []\"><strong>La DeFi verte n\u2019est plus un mirage<\/strong>. Elle existe. Elle progresse. Et elle pourrait devenir un mod\u00e8le technologique sobre, si elle continue \u00e0 faire de l\u2019impact une brique fondamentale de sa conception.<\/p><p data-pm-slice=\"0 0 []\">La question n\u2019est plus : \u201cLa DeFi pollue-t-elle ?\u201d Mais plut\u00f4t : \u201cQuel type d\u2019impact voulons-nous laisser dans la dur\u00e9e ?\u201d<\/p>\t\t\t\t\t\t\t\t<\/div>\n\t\t\t\t<\/div>\n\t\t\t\t\t<\/div>\n\t\t<\/div>\n\t\t\t\t\t<\/div>\n\t\t<\/section>\n\t\t\t\t<section class=\"elementor-section elementor-top-section elementor-element elementor-element-6de67cf elementor-section-boxed elementor-section-height-default elementor-section-height-default\" data-id=\"6de67cf\" data-element_type=\"section\" data-e-type=\"section\">\n\t\t\t\t\t\t<div class=\"elementor-container elementor-column-gap-default\">\n\t\t\t\t\t<div class=\"elementor-column elementor-col-100 elementor-top-column elementor-element elementor-element-5fdb884\" data-id=\"5fdb884\" data-element_type=\"column\" data-e-type=\"column\">\n\t\t\t<div class=\"elementor-widget-wrap elementor-element-populated\">\n\t\t\t\t\t\t<div class=\"elementor-element elementor-element-74f960d elementor-widget elementor-widget-text-editor\" data-id=\"74f960d\" data-element_type=\"widget\" data-e-type=\"widget\" data-widget_type=\"text-editor.default\">\n\t\t\t\t<div class=\"elementor-widget-container\">\n\t\t\t\t\t\t\t\t\t<p><strong>Sources<\/strong> :<\/p><ul><li><a href=\"https:\/\/digiconomist.net\/ethereum-energy-consumption\">Digiconomist<\/a><\/li><li><a href=\"https:\/\/www.reuters.com\/sustainability\/climate-energy\/eus-power-mix-2024-greenest-yet-industry-data-show-2024-06-30\/\">Reuters<\/a><\/li><li><a href=\"http:\/\/Solana.com\">Solana.com<\/a><\/li><li><a href=\"https:\/\/btc.lokamining.com\/green-energy-and-bitcoin-mining-in-2025-trends-challenges-and-the-road-ahead\/\">Loka Mining<\/a><\/li><li><a href=\"https:\/\/zipdo.co\/sustainability-in-the-cryptocurrency-industry-statistics\/\">Zipdo<\/a><\/li><\/ul>\t\t\t\t\t\t\t\t<\/div>\n\t\t\t\t<\/div>\n\t\t\t\t\t<\/div>\n\t\t<\/div>\n\t\t\t\t\t<\/div>\n\t\t<\/section>\n\t\t\t\t<\/div>","protected":false},"excerpt":{"rendered":"<p>La DeFi ne peut plus ignorer les enjeux \u00e9cologiques. De l\u2019\u00e9volution d\u2019Ethereum vers un mod\u00e8le plus sobre \u00e0 l\u2019\u00e9mergence de blockchains vertes, cet article explore les limites, promesses et contradictions d\u2019une finance d\u00e9centralis\u00e9e plus durable.<\/p>","protected":false},"author":18,"featured_media":12867,"comment_status":"open","ping_status":"open","sticky":false,"template":"","format":"standard","meta":{"_mo_disable_npp":"","_jetpack_memberships_contains_paid_content":false,"footnotes":""},"categories":[7],"tags":[],"ppma_author":[145],"class_list":["post-12824","post","type-post","status-publish","format-standard","has-post-thumbnail","hentry","category-blockchain"],"yoast_head":"<!-- This site is optimized with the Yoast SEO plugin v27.5 - https:\/\/yoast.com\/product\/yoast-seo-wordpress\/ -->\n<title>DeFi et \u00e9cologie : vers une finance d\u00e9centralis\u00e9e plus durable ? - BIM Blog<\/title>\n<meta name=\"description\" content=\"Une nouvelle vague de projets cherche \u00e0 concilier DeFi et impact environnemental. Peut-on vraiment imaginer une blockchain plus verte ?\" \/>\n<meta name=\"robots\" content=\"index, follow, max-snippet:-1, max-image-preview:large, max-video-preview:-1\" \/>\n<link rel=\"canonical\" href=\"https:\/\/www.blog.bim.finance\/en\/defi-ecologie-blockchain-durable\/\" \/>\n<meta property=\"og:locale\" content=\"en_GB\" \/>\n<meta property=\"og:type\" content=\"article\" \/>\n<meta property=\"og:title\" content=\"DeFi et \u00e9cologie : vers une finance d\u00e9centralis\u00e9e plus durable ? - BIM Blog\" \/>\n<meta property=\"og:description\" content=\"Une nouvelle vague de projets cherche \u00e0 concilier DeFi et impact environnemental. Peut-on vraiment imaginer une blockchain plus verte ?\" \/>\n<meta property=\"og:url\" content=\"https:\/\/www.blog.bim.finance\/en\/defi-ecologie-blockchain-durable\/\" \/>\n<meta property=\"og:site_name\" content=\"BIM Blog\" \/>\n<meta property=\"article:published_time\" content=\"2025-06-25T06:11:00+00:00\" \/>\n<meta property=\"og:image\" content=\"https:\/\/i0.wp.com\/www.blog.bim.finance\/wp-content\/uploads\/2025\/06\/article_25_juin_defi-scaled.webp?fit=2560%2C1257&ssl=1\" \/>\n\t<meta property=\"og:image:width\" content=\"2560\" \/>\n\t<meta property=\"og:image:height\" content=\"1257\" \/>\n\t<meta property=\"og:image:type\" content=\"image\/webp\" \/>\n<meta name=\"author\" content=\"Earvin\" \/>\n<meta name=\"twitter:card\" content=\"summary_large_image\" \/>\n<meta name=\"twitter:creator\" content=\"@earvindecrypt\" \/>\n<meta name=\"twitter:label1\" content=\"Written by\" \/>\n\t<meta name=\"twitter:data1\" content=\"Earvin\" \/>\n\t<meta name=\"twitter:label2\" content=\"Estimated reading time\" \/>\n\t<meta name=\"twitter:data2\" content=\"5 minutes\" \/>\n<script type=\"application\/ld+json\" class=\"yoast-schema-graph\">{\"@context\":\"https:\\\/\\\/schema.org\",\"@graph\":[{\"@type\":\"Article\",\"@id\":\"https:\\\/\\\/www.blog.bim.finance\\\/defi-ecologie-blockchain-durable\\\/#article\",\"isPartOf\":{\"@id\":\"https:\\\/\\\/www.blog.bim.finance\\\/defi-ecologie-blockchain-durable\\\/\"},\"author\":{\"name\":\"Earvin\",\"@id\":\"https:\\\/\\\/www.blog.bim.finance\\\/#\\\/schema\\\/person\\\/dde3565e6f87de231c4091406a341b1e\"},\"headline\":\"DeFi et \u00e9cologie : vers une finance d\u00e9centralis\u00e9e plus durable ?\",\"datePublished\":\"2025-06-25T06:11:00+00:00\",\"mainEntityOfPage\":{\"@id\":\"https:\\\/\\\/www.blog.bim.finance\\\/defi-ecologie-blockchain-durable\\\/\"},\"wordCount\":905,\"commentCount\":0,\"publisher\":{\"@id\":\"https:\\\/\\\/www.blog.bim.finance\\\/#organization\"},\"image\":{\"@id\":\"https:\\\/\\\/www.blog.bim.finance\\\/defi-ecologie-blockchain-durable\\\/#primaryimage\"},\"thumbnailUrl\":\"https:\\\/\\\/i0.wp.com\\\/www.blog.bim.finance\\\/wp-content\\\/uploads\\\/2025\\\/06\\\/article_25_juin_defi-scaled.webp?fit=2560%2C1257&ssl=1\",\"articleSection\":[\"Blockchain\"],\"inLanguage\":\"en-GB\",\"potentialAction\":[{\"@type\":\"CommentAction\",\"name\":\"Comment\",\"target\":[\"https:\\\/\\\/www.blog.bim.finance\\\/defi-ecologie-blockchain-durable\\\/#respond\"]}]},{\"@type\":\"WebPage\",\"@id\":\"https:\\\/\\\/www.blog.bim.finance\\\/defi-ecologie-blockchain-durable\\\/\",\"url\":\"https:\\\/\\\/www.blog.bim.finance\\\/defi-ecologie-blockchain-durable\\\/\",\"name\":\"DeFi et \u00e9cologie : vers une finance d\u00e9centralis\u00e9e plus durable ? - BIM Blog\",\"isPartOf\":{\"@id\":\"https:\\\/\\\/www.blog.bim.finance\\\/#website\"},\"primaryImageOfPage\":{\"@id\":\"https:\\\/\\\/www.blog.bim.finance\\\/defi-ecologie-blockchain-durable\\\/#primaryimage\"},\"image\":{\"@id\":\"https:\\\/\\\/www.blog.bim.finance\\\/defi-ecologie-blockchain-durable\\\/#primaryimage\"},\"thumbnailUrl\":\"https:\\\/\\\/i0.wp.com\\\/www.blog.bim.finance\\\/wp-content\\\/uploads\\\/2025\\\/06\\\/article_25_juin_defi-scaled.webp?fit=2560%2C1257&ssl=1\",\"datePublished\":\"2025-06-25T06:11:00+00:00\",\"description\":\"Une nouvelle vague de projets cherche \u00e0 concilier DeFi et impact environnemental. Peut-on vraiment imaginer une blockchain plus verte ?\",\"breadcrumb\":{\"@id\":\"https:\\\/\\\/www.blog.bim.finance\\\/defi-ecologie-blockchain-durable\\\/#breadcrumb\"},\"inLanguage\":\"en-GB\",\"potentialAction\":[{\"@type\":\"ReadAction\",\"target\":[\"https:\\\/\\\/www.blog.bim.finance\\\/defi-ecologie-blockchain-durable\\\/\"]}]},{\"@type\":\"ImageObject\",\"inLanguage\":\"en-GB\",\"@id\":\"https:\\\/\\\/www.blog.bim.finance\\\/defi-ecologie-blockchain-durable\\\/#primaryimage\",\"url\":\"https:\\\/\\\/i0.wp.com\\\/www.blog.bim.finance\\\/wp-content\\\/uploads\\\/2025\\\/06\\\/article_25_juin_defi-scaled.webp?fit=2560%2C1257&ssl=1\",\"contentUrl\":\"https:\\\/\\\/i0.wp.com\\\/www.blog.bim.finance\\\/wp-content\\\/uploads\\\/2025\\\/06\\\/article_25_juin_defi-scaled.webp?fit=2560%2C1257&ssl=1\",\"width\":2560,\"height\":1257,\"caption\":\"DeFi et \u00e9cologie\"},{\"@type\":\"BreadcrumbList\",\"@id\":\"https:\\\/\\\/www.blog.bim.finance\\\/defi-ecologie-blockchain-durable\\\/#breadcrumb\",\"itemListElement\":[{\"@type\":\"ListItem\",\"position\":1,\"name\":\"Accueil\",\"item\":\"https:\\\/\\\/www.blog.bim.finance\\\/\"},{\"@type\":\"ListItem\",\"position\":2,\"name\":\"Blockchain\",\"item\":\"https:\\\/\\\/www.blog.bim.finance\\\/category\\\/blockchain\\\/\"},{\"@type\":\"ListItem\",\"position\":3,\"name\":\"DeFi et \u00e9cologie : vers une finance d\u00e9centralis\u00e9e plus durable ?\"}]},{\"@type\":\"WebSite\",\"@id\":\"https:\\\/\\\/www.blog.bim.finance\\\/#website\",\"url\":\"https:\\\/\\\/www.blog.bim.finance\\\/\",\"name\":\"BIM Blog\",\"description\":\"BIM Blog\",\"publisher\":{\"@id\":\"https:\\\/\\\/www.blog.bim.finance\\\/#organization\"},\"potentialAction\":[{\"@type\":\"SearchAction\",\"target\":{\"@type\":\"EntryPoint\",\"urlTemplate\":\"https:\\\/\\\/www.blog.bim.finance\\\/?s={search_term_string}\"},\"query-input\":{\"@type\":\"PropertyValueSpecification\",\"valueRequired\":true,\"valueName\":\"search_term_string\"}}],\"inLanguage\":\"en-GB\"},{\"@type\":\"Organization\",\"@id\":\"https:\\\/\\\/www.blog.bim.finance\\\/#organization\",\"name\":\"BIM Blog\",\"url\":\"https:\\\/\\\/www.blog.bim.finance\\\/\",\"logo\":{\"@type\":\"ImageObject\",\"inLanguage\":\"en-GB\",\"@id\":\"https:\\\/\\\/www.blog.bim.finance\\\/#\\\/schema\\\/logo\\\/image\\\/\",\"url\":\"https:\\\/\\\/i0.wp.com\\\/www.blog.bim.finance\\\/wp-content\\\/uploads\\\/2023\\\/09\\\/bim_blog_v3.png?fit=2403%2C475&ssl=1\",\"contentUrl\":\"https:\\\/\\\/i0.wp.com\\\/www.blog.bim.finance\\\/wp-content\\\/uploads\\\/2023\\\/09\\\/bim_blog_v3.png?fit=2403%2C475&ssl=1\",\"width\":2403,\"height\":475,\"caption\":\"BIM Blog\"},\"image\":{\"@id\":\"https:\\\/\\\/www.blog.bim.finance\\\/#\\\/schema\\\/logo\\\/image\\\/\"}},{\"@type\":\"Person\",\"@id\":\"https:\\\/\\\/www.blog.bim.finance\\\/#\\\/schema\\\/person\\\/dde3565e6f87de231c4091406a341b1e\",\"name\":\"Earvin\",\"image\":{\"@type\":\"ImageObject\",\"inLanguage\":\"en-GB\",\"@id\":\"https:\\\/\\\/www.blog.bim.finance\\\/wp-content\\\/uploads\\\/2025\\\/12\\\/earvin-ciard_avatar-96x96.jpg97f23afc2482196a472e7b6dad238662\",\"url\":\"https:\\\/\\\/www.blog.bim.finance\\\/wp-content\\\/uploads\\\/2025\\\/12\\\/earvin-ciard_avatar-96x96.jpg\",\"contentUrl\":\"https:\\\/\\\/www.blog.bim.finance\\\/wp-content\\\/uploads\\\/2025\\\/12\\\/earvin-ciard_avatar-96x96.jpg\",\"caption\":\"Earvin\"},\"description\":\"As an entrepreneur and crypto investor, I turn complex finance and blockchain topics into clear, engaging, and accessible content, even for beginners. My goal is to help everyone better understand the key challenges shaping today\u2019s and tomorrow\u2019s crypto landscape.\",\"sameAs\":[\"https:\\\/\\\/www.linkedin.com\\\/in\\\/eciard\\\/\",\"https:\\\/\\\/x.com\\\/earvindecrypt\"],\"url\":\"https:\\\/\\\/www.blog.bim.finance\\\/en\\\/author\\\/earvin21\\\/\"}]}<\/script>\n<!-- \/ Yoast SEO plugin. -->","yoast_head_json":{"title":"DeFi et \u00e9cologie : vers une finance d\u00e9centralis\u00e9e plus durable ? - BIM Blog","description":"Une nouvelle vague de projets cherche \u00e0 concilier DeFi et impact environnemental. Peut-on vraiment imaginer une blockchain plus verte ?","robots":{"index":"index","follow":"follow","max-snippet":"max-snippet:-1","max-image-preview":"max-image-preview:large","max-video-preview":"max-video-preview:-1"},"canonical":"https:\/\/www.blog.bim.finance\/en\/defi-ecologie-blockchain-durable\/","og_locale":"en_GB","og_type":"article","og_title":"DeFi et \u00e9cologie : vers une finance d\u00e9centralis\u00e9e plus durable ? - BIM Blog","og_description":"Une nouvelle vague de projets cherche \u00e0 concilier DeFi et impact environnemental. Peut-on vraiment imaginer une blockchain plus verte ?","og_url":"https:\/\/www.blog.bim.finance\/en\/defi-ecologie-blockchain-durable\/","og_site_name":"BIM Blog","article_published_time":"2025-06-25T06:11:00+00:00","og_image":[{"width":2560,"height":1257,"url":"https:\/\/i0.wp.com\/www.blog.bim.finance\/wp-content\/uploads\/2025\/06\/article_25_juin_defi-scaled.webp?fit=2560%2C1257&ssl=1","type":"image\/webp"}],"author":"Earvin","twitter_card":"summary_large_image","twitter_creator":"@earvindecrypt","twitter_misc":{"Written by":"Earvin","Estimated reading time":"5 minutes"},"schema":{"@context":"https:\/\/schema.org","@graph":[{"@type":"Article","@id":"https:\/\/www.blog.bim.finance\/defi-ecologie-blockchain-durable\/#article","isPartOf":{"@id":"https:\/\/www.blog.bim.finance\/defi-ecologie-blockchain-durable\/"},"author":{"name":"Earvin","@id":"https:\/\/www.blog.bim.finance\/#\/schema\/person\/dde3565e6f87de231c4091406a341b1e"},"headline":"DeFi et \u00e9cologie : vers une finance d\u00e9centralis\u00e9e plus durable ?","datePublished":"2025-06-25T06:11:00+00:00","mainEntityOfPage":{"@id":"https:\/\/www.blog.bim.finance\/defi-ecologie-blockchain-durable\/"},"wordCount":905,"commentCount":0,"publisher":{"@id":"https:\/\/www.blog.bim.finance\/#organization"},"image":{"@id":"https:\/\/www.blog.bim.finance\/defi-ecologie-blockchain-durable\/#primaryimage"},"thumbnailUrl":"https:\/\/i0.wp.com\/www.blog.bim.finance\/wp-content\/uploads\/2025\/06\/article_25_juin_defi-scaled.webp?fit=2560%2C1257&ssl=1","articleSection":["Blockchain"],"inLanguage":"en-GB","potentialAction":[{"@type":"CommentAction","name":"Comment","target":["https:\/\/www.blog.bim.finance\/defi-ecologie-blockchain-durable\/#respond"]}]},{"@type":"WebPage","@id":"https:\/\/www.blog.bim.finance\/defi-ecologie-blockchain-durable\/","url":"https:\/\/www.blog.bim.finance\/defi-ecologie-blockchain-durable\/","name":"DeFi et \u00e9cologie : vers une finance d\u00e9centralis\u00e9e plus durable ? - BIM Blog","isPartOf":{"@id":"https:\/\/www.blog.bim.finance\/#website"},"primaryImageOfPage":{"@id":"https:\/\/www.blog.bim.finance\/defi-ecologie-blockchain-durable\/#primaryimage"},"image":{"@id":"https:\/\/www.blog.bim.finance\/defi-ecologie-blockchain-durable\/#primaryimage"},"thumbnailUrl":"https:\/\/i0.wp.com\/www.blog.bim.finance\/wp-content\/uploads\/2025\/06\/article_25_juin_defi-scaled.webp?fit=2560%2C1257&ssl=1","datePublished":"2025-06-25T06:11:00+00:00","description":"Une nouvelle vague de projets cherche \u00e0 concilier DeFi et impact environnemental. Peut-on vraiment imaginer une blockchain plus verte ?","breadcrumb":{"@id":"https:\/\/www.blog.bim.finance\/defi-ecologie-blockchain-durable\/#breadcrumb"},"inLanguage":"en-GB","potentialAction":[{"@type":"ReadAction","target":["https:\/\/www.blog.bim.finance\/defi-ecologie-blockchain-durable\/"]}]},{"@type":"ImageObject","inLanguage":"en-GB","@id":"https:\/\/www.blog.bim.finance\/defi-ecologie-blockchain-durable\/#primaryimage","url":"https:\/\/i0.wp.com\/www.blog.bim.finance\/wp-content\/uploads\/2025\/06\/article_25_juin_defi-scaled.webp?fit=2560%2C1257&ssl=1","contentUrl":"https:\/\/i0.wp.com\/www.blog.bim.finance\/wp-content\/uploads\/2025\/06\/article_25_juin_defi-scaled.webp?fit=2560%2C1257&ssl=1","width":2560,"height":1257,"caption":"DeFi et \u00e9cologie"},{"@type":"BreadcrumbList","@id":"https:\/\/www.blog.bim.finance\/defi-ecologie-blockchain-durable\/#breadcrumb","itemListElement":[{"@type":"ListItem","position":1,"name":"Accueil","item":"https:\/\/www.blog.bim.finance\/"},{"@type":"ListItem","position":2,"name":"Blockchain","item":"https:\/\/www.blog.bim.finance\/category\/blockchain\/"},{"@type":"ListItem","position":3,"name":"DeFi et \u00e9cologie : vers une finance d\u00e9centralis\u00e9e plus durable ?"}]},{"@type":"WebSite","@id":"https:\/\/www.blog.bim.finance\/#website","url":"https:\/\/www.blog.bim.finance\/","name":"BIM Blog","description":"BIM Blog","publisher":{"@id":"https:\/\/www.blog.bim.finance\/#organization"},"potentialAction":[{"@type":"SearchAction","target":{"@type":"EntryPoint","urlTemplate":"https:\/\/www.blog.bim.finance\/?s={search_term_string}"},"query-input":{"@type":"PropertyValueSpecification","valueRequired":true,"valueName":"search_term_string"}}],"inLanguage":"en-GB"},{"@type":"Organization","@id":"https:\/\/www.blog.bim.finance\/#organization","name":"BIM Blog","url":"https:\/\/www.blog.bim.finance\/","logo":{"@type":"ImageObject","inLanguage":"en-GB","@id":"https:\/\/www.blog.bim.finance\/#\/schema\/logo\/image\/","url":"https:\/\/i0.wp.com\/www.blog.bim.finance\/wp-content\/uploads\/2023\/09\/bim_blog_v3.png?fit=2403%2C475&ssl=1","contentUrl":"https:\/\/i0.wp.com\/www.blog.bim.finance\/wp-content\/uploads\/2023\/09\/bim_blog_v3.png?fit=2403%2C475&ssl=1","width":2403,"height":475,"caption":"BIM Blog"},"image":{"@id":"https:\/\/www.blog.bim.finance\/#\/schema\/logo\/image\/"}},{"@type":"Person","@id":"https:\/\/www.blog.bim.finance\/#\/schema\/person\/dde3565e6f87de231c4091406a341b1e","name":"Earvin","image":{"@type":"ImageObject","inLanguage":"en-GB","@id":"https:\/\/www.blog.bim.finance\/wp-content\/uploads\/2025\/12\/earvin-ciard_avatar-96x96.jpg97f23afc2482196a472e7b6dad238662","url":"https:\/\/www.blog.bim.finance\/wp-content\/uploads\/2025\/12\/earvin-ciard_avatar-96x96.jpg","contentUrl":"https:\/\/www.blog.bim.finance\/wp-content\/uploads\/2025\/12\/earvin-ciard_avatar-96x96.jpg","caption":"Earvin"},"description":"As an entrepreneur and crypto investor, I turn complex finance and blockchain topics into clear, engaging, and accessible content, even for beginners. My goal is to help everyone better understand the key challenges shaping today\u2019s and tomorrow\u2019s crypto landscape.","sameAs":["https:\/\/www.linkedin.com\/in\/eciard\/","https:\/\/x.com\/earvindecrypt"],"url":"https:\/\/www.blog.bim.finance\/en\/author\/earvin21\/"}]}},"jetpack_featured_media_url":"https:\/\/i0.wp.com\/www.blog.bim.finance\/wp-content\/uploads\/2025\/06\/article_25_juin_defi-scaled.webp?fit=2560%2C1257&ssl=1","jetpack_sharing_enabled":true,"authors":[{"term_id":145,"user_id":18,"is_guest":0,"slug":"earvin21","display_name":"Earvin","avatar_url":"https:\/\/www.blog.bim.finance\/wp-content\/uploads\/2025\/12\/earvin-ciard_avatar-96x96.jpg","author_category":"1","first_name":"Earvin","last_name":"Ciard","user_url":"","job_title":"","description":"As an entrepreneur and crypto investor, I turn complex finance and blockchain topics into clear, engaging, and accessible content, even for beginners. My goal is to help everyone better understand the key challenges shaping today\u2019s and tomorrow\u2019s crypto landscape."}],"_links":{"self":[{"href":"https:\/\/www.blog.bim.finance\/en\/wp-json\/wp\/v2\/posts\/12824","targetHints":{"allow":["GET"]}}],"collection":[{"href":"https:\/\/www.blog.bim.finance\/en\/wp-json\/wp\/v2\/posts"}],"about":[{"href":"https:\/\/www.blog.bim.finance\/en\/wp-json\/wp\/v2\/types\/post"}],"author":[{"embeddable":true,"href":"https:\/\/www.blog.bim.finance\/en\/wp-json\/wp\/v2\/users\/18"}],"replies":[{"embeddable":true,"href":"https:\/\/www.blog.bim.finance\/en\/wp-json\/wp\/v2\/comments?post=12824"}],"version-history":[{"count":13,"href":"https:\/\/www.blog.bim.finance\/en\/wp-json\/wp\/v2\/posts\/12824\/revisions"}],"predecessor-version":[{"id":12837,"href":"https:\/\/www.blog.bim.finance\/en\/wp-json\/wp\/v2\/posts\/12824\/revisions\/12837"}],"wp:featuredmedia":[{"embeddable":true,"href":"https:\/\/www.blog.bim.finance\/en\/wp-json\/wp\/v2\/media\/12867"}],"wp:attachment":[{"href":"https:\/\/www.blog.bim.finance\/en\/wp-json\/wp\/v2\/media?parent=12824"}],"wp:term":[{"taxonomy":"category","embeddable":true,"href":"https:\/\/www.blog.bim.finance\/en\/wp-json\/wp\/v2\/categories?post=12824"},{"taxonomy":"post_tag","embeddable":true,"href":"https:\/\/www.blog.bim.finance\/en\/wp-json\/wp\/v2\/tags?post=12824"},{"taxonomy":"author","embeddable":true,"href":"https:\/\/www.blog.bim.finance\/en\/wp-json\/wp\/v2\/ppma_author?post=12824"}],"curies":[{"name":"wp","href":"https:\/\/api.w.org\/{rel}","templated":true}]}}